{"id":143060,"date":"2024-08-31T15:12:49","date_gmt":"2024-08-31T15:12:49","guid":{"rendered":"https:\/\/welovefilm.com.pt\/?p=143060"},"modified":"2025-07-14T11:10:56","modified_gmt":"2025-07-14T11:10:56","slug":"monique-ben","status":"publish","type":"post","link":"https:\/\/welovefilm.com.pt\/pt\/monique-ben\/","title":{"rendered":"Monique e Ben"},"content":{"rendered":"<div class=\"wpb-content-wrapper\"><div data-parent=\"true\" class=\"vc_row row-container with-kburns\" id=\"row-unique-0\"><div class=\"row-background background-element\">\n\t\t\t\t\t\t\t\t\t\t\t<div class=\"background-wrapper\">\n\t\t\t\t\t\t\t\t\t\t\t\t<div class=\"background-inner\" style=\"background-image: url(https:\/\/welovefilm.com.pt\/wp-content\/uploads\/2024\/07\/Monique-e-Ben-1-scaled.jpg);background-repeat: no-repeat;background-position: center center;background-attachment: scroll;background-size: cover;\"><\/div>\n\t\t\t\t\t\t\t\t\t\t\t\t<div class=\"block-bg-overlay style-color-wayh-bg\" style=\"opacity: 0.5;\"><\/div>\n\t\t\t\t\t\t\t\t\t\t\t<\/div>\n\t\t\t\t\t\t\t\t\t\t<\/div><div class=\"row limit-width row-parent\" data-height-ratio=\"70\"><div class=\"wpb_row row-inner\"><div class=\"wpb_column pos-top pos-center align_left column_parent col-lg-12 single-internal-gutter\"><div class=\"uncol style-dark\"  ><div class=\"uncoltable\" style=\"min-height: 340px;\"><div class=\"uncell no-block-padding\" ><div class=\"uncont\" ><\/div><\/div><\/div><\/div><\/div><script id=\"script-row-unique-0\" data-row=\"script-row-unique-0\" type=\"text\/javascript\" class=\"vc_controls\">UNCODE.initRow(document.getElementById(\"row-unique-0\"));<\/script><\/div><\/div><\/div><div data-parent=\"true\" class=\"vc_row row-container\" id=\"row-unique-1\"><div class=\"row single-top-padding double-bottom-padding single-h-padding limit-width row-parent\"><div class=\"wpb_row row-inner\"><div class=\"wpb_column pos-top pos-center align_left column_parent col-lg-12 single-internal-gutter\"><div class=\"uncol style-light shift_y_neg_quad shift_y_fixed\"  ><div class=\"uncoltable\"><div class=\"uncell double-block-padding style-color-xsdn-bg unshadow-sm\" ><div class=\"uncont\" ><div class=\"vc_row row-internal row-container\"><div class=\"row row-child\"><div class=\"wpb_row row-inner\"><div class=\"wpb_column pos-top pos-center align_left column_child col-lg-12 half-internal-gutter\"><div class=\"uncol style-light\" ><div class=\"uncoltable\"><div class=\"uncell no-block-padding\" ><div class=\"uncont\" ><div class=\"uncode-single-media  text-left\"><div class=\"single-wrapper\" style=\"max-width: 100%;\"><div class=\"uncode-single-media-wrapper single-advanced\"><div class=\"tmb tmb-light tmb-text-showed tmb-overlay-text-anim tmb-overlay-showed tmb-overlay-anim tmb-overlay-text-center  tmb-shadowed tmb-shadowed-none tmb-img-ratio tmb-media-first tmb-media-last tmb-content-overlay tmb-no-bg tmb-lightbox\" ><div class=\"t-inside\" ><div class=\"t-entry-visual\"><div class=\"t-entry-visual-tc\"><div class=\"t-entry-visual-cont\"><div class=\"t-entry-visual-overlay\"><div class=\"t-entry-visual-overlay-in style-dark-bg\" style=\"opacity: 0.15;\"><\/div><\/div><div class=\"t-overlay-wrap\"><div class=\"t-overlay-inner\">\n\t\t\t\t\t\t\t\t\t\t\t\t\t\t<div class=\"t-overlay-content\">\n\t\t\t\t\t\t\t\t\t\t\t\t\t\t\t<div class=\"t-overlay-text single-block-padding\"><div class=\"t-entry\"><i class=\"fa fa-play t-icon-size-xl t-overlay-icon\"><\/i><\/div><\/div><\/div><\/div><\/div><div class=\"h6 vimeo-video fluid-object\" style=\"padding-top: 42.5%\"><iframe title=\"Trailer do casamento da Monique &amp; Ben na Quinta da Pacheca, Vale do Douro, Portugal\" src=\"https:\/\/player.vimeo.com\/video\/832307489?title=0&byline=0&portrait=0&dnt=1?dnt=1&amp;app_id=122963\" width=\"840\" height=\"357\" frameborder=\"0\" allow=\"autoplay; fullscreen; picture-in-picture; clipboard-write; encrypted-media; web-share\" referrerpolicy=\"strict-origin-when-cross-origin\"><\/iframe><\/div><\/div>\n\t\t\t\t\t<\/div>\n\t\t\t\t<\/div><\/div><\/div><\/div><\/div><\/div><\/div><\/div><\/div><\/div><\/div><\/div><\/div><\/div><div class=\"vc_row row-internal row-container\"><div class=\"row unequal col-no-gutter row-child\"><div class=\"wpb_row row-inner\"><div class=\"wpb_column pos-top pos-left align_left align_center_mobile column_child col-lg-3 col-md-25 single-internal-gutter\"><div class=\"uncol style-light\" ><div class=\"uncoltable\"><div class=\"uncell  vc_custom_1721325706029 border-color-gyho-color single-block-padding\" style=\"border-style: solid;border-right-width: 1px ;\" ><div class=\"uncont\" ><div class=\"vc_custom_heading_wrap\"><div class=\"heading-text el-text\" ><p class=\"text-accent-color text-uppercase\" ><span>Casamento<\/span><\/p><\/div><div class=\"clear\"><\/div><\/div><div class=\"vc_custom_heading_wrap\"><div class=\"heading-text el-text\" ><h1 class=\"font-542206 h3 font-weight-100\" ><span>Monique e Ben<\/span><\/h1><\/div><div class=\"clear\"><\/div><\/div><\/div><\/div><\/div><\/div><\/div><div class=\"wpb_column pos-middle pos-center align_left align_center_mobile column_child col-lg-9 col-md-75 single-internal-gutter\"><div class=\"uncol style-light\" ><div class=\"uncoltable\"><div class=\"uncell single-block-padding\" ><div class=\"uncont\" ><div class=\"uncode_text_column\" ><p>Monique e Ben, dois nova-iorquinos que decidiram selar o seu compromisso para toda a vida num deslumbrante <a href=\"https:\/\/welovefilm.com.pt\/pt\/videos\/quinta-da-pacheca-wedding\/\">Quinta da Pacheca<\/a> - regi\u00e3o do Douro, em Portugal. Rodeados pelos seus entes queridos, a sua hist\u00f3ria de amor encontrou o cen\u00e1rio perfeito no rio Douro, um testemunho do poder duradouro do amor que transcende as fronteiras e une dois mundos.<\/p>\n<p>Outros fornecedores: Fotografia:  <a href=\"https:\/\/www.loungefoto.com\">Lounge Fotografia<\/a>  | Planeador de casamentos: <a href=\"https:\/\/www.amorprasempre.com\/\">M\u00f3nica Magalh\u00e3es<\/a> | Local:  <a href=\"https:\/\/quintadapacheca.com\/\">Quinta da Pacheca<\/a> | Decora\u00e7\u00e3o: Maria Papoila | Alugueres: Eventos Priv\u00e9 | Cabelo: Jo\u00e3o Martins | Maquilhagem: Giada Pinato Makeup Sposa | DJ: DJFi events | Estacion\u00e1rio: White Design Creative Studio | M\u00fasica Cerim\u00f3nia: Arcos d' Almedina<\/p>\n<p><strong>A sonhar com um casamento numa vinha?<\/strong> Descobrir <a href=\"https:\/\/welovefilm.com.pt\/pt\/rebecca-justin\/\">este belo casamento de destino no Vale do Douro<\/a> na deslumbrante Quinta do Outeiro.<\/p>\n<\/div><\/div><\/div><\/div><\/div><\/div><\/div><\/div><\/div><\/div><\/div><\/div><\/div><\/div><script id=\"script-row-unique-1\" data-row=\"script-row-unique-1\" type=\"text\/javascript\" class=\"vc_controls\">UNCODE.initRow(document.getElementById(\"row-unique-1\"));<\/script><\/div><\/div><\/div><div data-parent=\"true\" class=\"vc_row vc_custom_1555335928240 border-color-gyho-color row-container\" style=\"border-style: solid;border-top-width: 1px ;\" id=\"row-unique-2\"><div class=\"row single-top-padding quad-bottom-padding single-h-padding limit-width row-parent\"><div class=\"wpb_row row-inner\"><div class=\"wpb_column pos-top pos-center align_center column_parent col-lg-12 single-internal-gutter\"><div class=\"uncol style-light\"  ><div class=\"uncoltable\"><div class=\"uncell no-block-padding\" ><div class=\"uncont\" ><div class=\"vc_custom_heading_wrap\"><div class=\"heading-text el-text\" ><h2 class=\"font-542206 h2 font-weight-100\" ><span>Quer saber mais sobre os nossos <a href=\"https:\/\/welovefilm.com.pt\/pt\/portfolio\/video-de-casamento-portugal\/\">v\u00eddeos de casamento em Portugal<\/a>?<\/span><\/h2><\/div><div class=\"clear\"><\/div><\/div><div class=\"uncode_text_column\" ><p>Envie-nos uma mensagem atrav\u00e9s da nossa p\u00e1gina de contacto e responderemos o mais rapidamente poss\u00edvel.<\/p>\n<\/div><span class=\"btn-container animate_when_almost_visible alpha-anim\" ><a href=\"https:\/\/welovefilm.com.pt\/pt\/contactos-welovefilm\/\" class=\"custom-link btn btn-lg border-width-0 btn-button_color-738870 btn-circle btn-icon-left\" title=\"Contactos\">CONTACTE-NOS<\/a><\/span><\/div><\/div><\/div><\/div><\/div><script id=\"script-row-unique-2\" data-row=\"script-row-unique-2\" type=\"text\/javascript\" class=\"vc_controls\">UNCODE.initRow(document.getElementById(\"row-unique-2\"));<\/script><\/div><\/div><\/div><div data-parent=\"true\" class=\"vc_row row-container\" id=\"row-unique-3\"><div class=\"row triple-top-padding triple-bottom-padding single-h-padding limit-width row-parent\"><div class=\"wpb_row row-inner\"><div class=\"wpb_column pos-top pos-center align_left column_parent col-lg-12 single-internal-gutter\"><div class=\"uncol style-light\"  ><div class=\"uncoltable\"><div class=\"uncell no-block-padding\" ><div class=\"uncont\" ><div id=\"index-15588655905\" class=\"isotope-system isotope-general-light grid-general-light\" >\n\t\t\t\t\t\t\t\t\t\t\t\t<div class=\"isotope-filters grid-filters menu-container has-cat-filters half-gutter submenu-light  text-uppercase menu-light\">\n\t\t\t\t\t\t\t\t\t\t\t\t<div class=\"menu-horizontal text-center text-mobile-center filter-alignment-center\">\n\t\t\t\t\t\t\t\t\t\t\t\t\t\t\t\t\t\t\t\t\t\t\t<ul class=\"menu-smart sm text-uppercase menu-smart--filter-cats\">\n\t\t\t\t\t\t\t\t\t\t\t\t\t\t\t\t\t\t\t\t\t\t\t\t\t\t\t<li class=\"filter-show-all\">\n\t\t\t\t\t\t\t\t\t\t<span>\n\t\t\t\t\t\t\t\t\t\t\t\t\t\t\t\t\t\t\t\t\t\t\t<a href=\"#\" data-filter=\"*\" class=\"active isotope-nav-link grid-nav-link\">\n\t\t\t\t\t\t\t\t\t\t\tMostrar tudo<\/a>\n\t\t\t\t\t\t\t\t\t\t<\/span>\n\t\t\t\t\t\t\t\t\t<\/li>\n\t\t\t\t\t\t\t\t\t\t\t\t\t\t\t\t\t\t\t\t\t\t\t\t\t\t\t\t\t\t\t\t<li class=\"filter-cat-9 filter-cat\"><span><a href=\"#\" data-filter=\"grid-cat-9\" class=\"isotope-nav-link grid-nav-link\">Casamentos<\/a><\/span><\/li>\t\t\t\t\t\t\t\t\t\t\t\t\t\t\t\t\t\t\t\t\t\t\t\t\t\t\t\t\t\t\t\t\t\t\t\t\t\t\t\t\t\t\t\t<li class=\"filter-cat-162 filter-cat\"><span><a href=\"#\" data-filter=\"grid-cat-162\" class=\"isotope-nav-link grid-nav-link\">Elopements<\/a><\/span><\/li>\t\t\t\t\t\t\t\t\t\t\t\t\t\t\t\t\t\t\t\t\t\t\t\t\t\t\t\t\t<\/ul>\n\t\t\t\t\t\t\t\n\t\t\t\t\t\t\t\n\t\t\t\t\t\t\t\n\t\t\t\t\t\t\t\t\n\t\t\t\t\t\t\t\t\n\t\t\t\t\t\t\t\t\t\t\t\t\t<\/div>\n\t\t\t\t\t\t\t\t\t\t\t<\/div>\n\n\t\t\t\t\t\t\t\t\t\t\n\t\t\t\t\t\t<div class=\"isotope-wrapper grid-wrapper half-gutter\">\t\t\t\t\t\t<div class=\"isotope-container grid-container isotope-layout style-masonry isotope-pagination grid-pagination\" data-type=\"masonry\" data-layout=\"fitRows\" data-lg=\"1000\" data-md=\"900\" data-sm=\"480\" data-vp-height=\"\">\t\t\t<div class=\"tmb atc-typography-inherit tmb-iso-w4 tmb-iso-h4 tmb-round img-round-xs tmb-light tmb-text-showed tmb-content-left tmb-image-anim  grid-cat-9 tmb-id-145299 tmb-img-ratio tmb-content-under tmb-media-first\" ><div class=\"t-inside style-color-lxmt-bg animate_when_almost_visible bottom-t-top\" data-delay=\"200\"><div class=\"t-entry-visual\"><div class=\"t-entry-visual-tc\"><div class=\"t-entry-visual-cont\"><span class=\"t-cat-over single-block-padding t-cat-over-topright\"><span class=\"t-entry-category t-cat-over-inner\"><a class=\"style-accent-bg tmb-term-evidence font-ui\" href=\"https:\/\/welovefilm.com.pt\/pt\/category\/casamentos\/\">Casamentos<\/a><\/span><\/span><div class=\"dummy\" style=\"padding-top: 66.7%;\"><\/div><a tabindex=\"-1\" href=\"https:\/\/welovefilm.com.pt\/pt\/wedding-at-quinta-da-pacheca-sofia-bino\/\" class=\"pushed\" target=\"_self\" data-lb-index=\"0\"><div class=\"t-entry-visual-overlay\"><div class=\"t-entry-visual-overlay-in style-dark-bg\" style=\"opacity: 0.5;\"><\/div><\/div><img decoding=\"async\" class=\"wp-image-145298\" src=\"https:\/\/welovefilm.com.pt\/wp-content\/uploads\/2026\/02\/SB-2247.jpg\" width=\"2048\" height=\"1365\" alt=\"\" srcset=\"https:\/\/welovefilm.com.pt\/wp-content\/uploads\/2026\/02\/SB-2247.jpg 2048w, https:\/\/welovefilm.com.pt\/wp-content\/uploads\/2026\/02\/SB-2247-300x200.jpg 300w, https:\/\/welovefilm.com.pt\/wp-content\/uploads\/2026\/02\/SB-2247-1024x683.jpg 1024w, https:\/\/welovefilm.com.pt\/wp-content\/uploads\/2026\/02\/SB-2247-768x512.jpg 768w, https:\/\/welovefilm.com.pt\/wp-content\/uploads\/2026\/02\/SB-2247-1536x1024.jpg 1536w, https:\/\/welovefilm.com.pt\/wp-content\/uploads\/2026\/02\/SB-2247-18x12.jpg 18w, https:\/\/welovefilm.com.pt\/wp-content\/uploads\/2026\/02\/SB-2247-350x233.jpg 350w\" sizes=\"(max-width: 2048px) 100vw, 2048px\" \/><\/a><\/div>\n\t\t\t\t\t<\/div>\n\t\t\t\t<\/div><div class=\"t-entry-text\">\n\t\t\t\t\t\t\t\t\t<div class=\"t-entry-text-tc single-block-padding\"><div class=\"t-entry\"><p class=\"t-entry-meta\"><span class=\"t-entry-date\">30\/03\/2026<\/span><\/p><h3 class=\"t-entry-title h5 title-scale\"><a href=\"https:\/\/welovefilm.com.pt\/pt\/wedding-at-quinta-da-pacheca-sofia-bino\/\" target=\"_self\">Wedding at Quinta da Pacheca \u2013 Sofia &#038; Albino<\/a><\/h3><div class=\"t-entry-excerpt\"><p>This wasn\u2019t just a wedding. It was a celebration of cultures, families, and\u2026<\/p><\/div><\/div><\/div>\n\t\t\t\t\t\t\t<\/div><\/div><\/div><div class=\"tmb atc-typography-inherit tmb-iso-w4 tmb-iso-h4 tmb-round img-round-xs tmb-light tmb-text-showed tmb-content-left tmb-image-anim  grid-cat-162 tmb-id-145326 tmb-img-ratio tmb-content-under tmb-media-first\" ><div class=\"t-inside style-color-lxmt-bg animate_when_almost_visible bottom-t-top\" data-delay=\"200\"><div class=\"t-entry-visual\"><div class=\"t-entry-visual-tc\"><div class=\"t-entry-visual-cont\"><span class=\"t-cat-over single-block-padding t-cat-over-topright\"><span class=\"t-entry-category t-cat-over-inner\"><a class=\"style-accent-bg tmb-term-evidence font-ui\" href=\"https:\/\/welovefilm.com.pt\/pt\/category\/fugas\/\">Elopements<\/a><\/span><\/span><div class=\"dummy\" style=\"padding-top: 66.7%;\"><\/div><a tabindex=\"-1\" href=\"https:\/\/welovefilm.com.pt\/pt\/wedding-in-sintra-tori-and-arthur\/\" class=\"pushed\" target=\"_self\" data-lb-index=\"1\"><div class=\"t-entry-visual-overlay\"><div class=\"t-entry-visual-overlay-in style-dark-bg\" style=\"opacity: 0.5;\"><\/div><\/div><img decoding=\"async\" class=\"wp-image-145327\" src=\"https:\/\/welovefilm.com.pt\/wp-content\/uploads\/2026\/03\/TA-Vimeo-uai-3240x2160.jpg\" width=\"3240\" height=\"2160\" alt=\"\" \/><\/a><\/div>\n\t\t\t\t\t<\/div>\n\t\t\t\t<\/div><div class=\"t-entry-text\">\n\t\t\t\t\t\t\t\t\t<div class=\"t-entry-text-tc single-block-padding\"><div class=\"t-entry\"><p class=\"t-entry-meta\"><span class=\"t-entry-date\">30\/03\/2026<\/span><\/p><h3 class=\"t-entry-title h5 title-scale\"><a href=\"https:\/\/welovefilm.com.pt\/pt\/wedding-in-sintra-tori-and-arthur\/\" target=\"_self\">Tori &#038; Arthur | An Intimate Wedding in Sintra<\/a><\/h3><div class=\"t-entry-excerpt\"><p>Set on the wild cliffs of Praia da Ursa, Tori and Arthur chose one of the most\u2026<\/p><\/div><\/div><\/div>\n\t\t\t\t\t\t\t<\/div><\/div><\/div><div class=\"tmb atc-typography-inherit tmb-iso-w4 tmb-iso-h4 tmb-round img-round-xs tmb-light tmb-text-showed tmb-content-left tmb-image-anim  grid-cat-9 tmb-id-145305 tmb-img-ratio tmb-content-under tmb-media-first\" ><div class=\"t-inside style-color-lxmt-bg animate_when_almost_visible bottom-t-top\" data-delay=\"200\"><div class=\"t-entry-visual\"><div class=\"t-entry-visual-tc\"><div class=\"t-entry-visual-cont\"><span class=\"t-cat-over single-block-padding t-cat-over-topright\"><span class=\"t-entry-category t-cat-over-inner\"><a class=\"style-accent-bg tmb-term-evidence font-ui\" href=\"https:\/\/welovefilm.com.pt\/pt\/category\/casamentos\/\">Casamentos<\/a><\/span><\/span><div class=\"dummy\" style=\"padding-top: 66.7%;\"><\/div><a tabindex=\"-1\" href=\"https:\/\/welovefilm.com.pt\/pt\/laura-arthur\/\" class=\"pushed\" target=\"_self\" data-lb-index=\"2\"><div class=\"t-entry-visual-overlay\"><div class=\"t-entry-visual-overlay-in style-dark-bg\" style=\"opacity: 0.5;\"><\/div><\/div><img decoding=\"async\" class=\"wp-image-145315\" src=\"https:\/\/welovefilm.com.pt\/wp-content\/uploads\/2026\/02\/LA-1627.jpg\" width=\"2048\" height=\"1365\" alt=\"\" srcset=\"https:\/\/welovefilm.com.pt\/wp-content\/uploads\/2026\/02\/LA-1627.jpg 2048w, https:\/\/welovefilm.com.pt\/wp-content\/uploads\/2026\/02\/LA-1627-300x200.jpg 300w, https:\/\/welovefilm.com.pt\/wp-content\/uploads\/2026\/02\/LA-1627-1024x683.jpg 1024w, https:\/\/welovefilm.com.pt\/wp-content\/uploads\/2026\/02\/LA-1627-768x512.jpg 768w, https:\/\/welovefilm.com.pt\/wp-content\/uploads\/2026\/02\/LA-1627-1536x1024.jpg 1536w, https:\/\/welovefilm.com.pt\/wp-content\/uploads\/2026\/02\/LA-1627-18x12.jpg 18w, https:\/\/welovefilm.com.pt\/wp-content\/uploads\/2026\/02\/LA-1627-350x233.jpg 350w\" sizes=\"(max-width: 2048px) 100vw, 2048px\" \/><\/a><\/div>\n\t\t\t\t\t<\/div>\n\t\t\t\t<\/div><div class=\"t-entry-text\">\n\t\t\t\t\t\t\t\t\t<div class=\"t-entry-text-tc single-block-padding\"><div class=\"t-entry\"><p class=\"t-entry-meta\"><span class=\"t-entry-date\">20\/02\/2026<\/span><\/p><h3 class=\"t-entry-title h5 title-scale\"><a href=\"https:\/\/welovefilm.com.pt\/pt\/laura-arthur\/\" target=\"_self\">Wedding in Braga &#8211; Laura &#038; Arthur<\/a><\/h3><div class=\"t-entry-excerpt\"><p>Laura & Arthur\u2019s wedding in Braga was a day full of elegance, love, and\u2026<\/p><\/div><\/div><\/div>\n\t\t\t\t\t\t\t<\/div><\/div><\/div>\t\t<\/div>\n\t\n\n\t<\/div>\t\t\t<\/div>\n<\/div><\/div><\/div><\/div><\/div><script id=\"script-row-unique-3\" data-row=\"script-row-unique-3\" type=\"text\/javascript\" class=\"vc_controls\">UNCODE.initRow(document.getElementById(\"row-unique-3\"));<\/script><\/div><\/div><\/div>\n<\/div>","protected":false},"excerpt":{"rendered":"<p>Monique e Ben, dois nova-iorquinos que decidiram selar o seu compromisso para toda a vida num deslumbrante <a href=\"https:\/\/welovefilm.com.pt\/pt\/videos\/quinta-da-pacheca-wedding\/\">Quinta da Pacheca<\/a> &#8211; Douro region of Portugal. Surrounded by their Loved ones, their love story found a perfect backdrop on Douro River&#8217;s, a testament to the enduring power of love transcending borders and bringing two worlds together.<\/p>\n<p>Outros fornecedores: Fotografia:  <a href=\"https:\/\/www.loungefoto.com\">Lounge Fotografia<\/a>  | Planeador de casamentos: <a href=\"https:\/\/www.amorprasempre.com\/\">M\u00f3nica Magalh\u00e3es<\/a> | Local:  <a href=\"https:\/\/quintadapacheca.com\/\">Quinta da Pacheca<\/a> | Decoration: Maria Papoila | Rentals: Eventos Priv\u00e9 | Hair: Jo\u00e3o Martins | Make Up: Giada Pinato Makeup Sposa | DJ: DJFi events | Stationary: White Design Creative Studio | Music Ceremony: Arcos d&#8217; Almedina<\/p>\n<p><strong>A sonhar com um casamento numa vinha?<\/strong> Descobrir <a href=\"https:\/\/welovefilm.com.pt\/pt\/rebecca-justin\/\">este belo casamento de destino no Vale do Douro<\/a> na deslumbrante Quinta do Outeiro.<\/p>","protected":false},"author":2,"featured_media":142518,"comment_status":"closed","ping_status":"closed","sticky":false,"template":"","format":"standard","meta":{"footnotes":""},"categories":[9],"tags":[45,61,169],"class_list":["post-143060","post","type-post","status-publish","format-standard","has-post-thumbnail","hentry","category-weddings","tag-wedding-locations-portugal","tag-wedding-videos","tag-quinta-da-pacheca-wedding"],"yoast_head":"<!-- This site is optimized with the Yoast SEO plugin v24.5 - https:\/\/yoast.com\/wordpress\/plugins\/seo\/ -->\n<title>Monique &amp; Ben | Weddings | We Love Film<\/title>\n<meta name=\"robots\" content=\"index, follow, max-snippet:-1, max-image-preview:large, max-video-preview:-1\" \/>\n<link rel=\"canonical\" href=\"https:\/\/welovefilm.com.pt\/pt\/monique-ben\/\" \/>\n<meta property=\"og:locale\" content=\"pt_PT\" \/>\n<meta property=\"og:type\" content=\"article\" \/>\n<meta property=\"og:title\" content=\"Monique &amp; Ben | Weddings | We Love Film\" \/>\n<meta property=\"og:description\" content=\"Monique and Ben, Two New Yorkers that decided to seal their lifelong commitment in the breathtaking Quinta da Pacheca - Douro region of Portugal. Surrounded by their Loved ones, their love story found a perfect backdrop on Douro River&#039;s, a testament to the enduring power of love transcending borders and bringing two worlds together.  Other vendors: Photography: Lounge Fotografia | Wedding planner: M\u00f3nica Magalh\u00e3es | Venue: Quinta da Pacheca | Decoration: Maria Papoila | Rentals: Eventos Priv\u00e9 | Hair: Jo\u00e3o Martins | Make Up: Giada Pinato Makeup Sposa | DJ: DJFi events | Stationary: White Design Creative Studio | Music Ceremony: Arcos d&#039; Almedina  Dreaming of a vineyard wedding? Discover this beautiful destination wedding in Douro Valley at the stunning Quinta do Outeiro.\" \/>\n<meta property=\"og:url\" content=\"https:\/\/welovefilm.com.pt\/pt\/monique-ben\/\" \/>\n<meta property=\"og:site_name\" content=\"We Love Film\" \/>\n<meta property=\"article:publisher\" content=\"https:\/\/www.facebook.com\/wlovefilm\/\" \/>\n<meta property=\"article:published_time\" content=\"2024-08-31T15:12:49+00:00\" \/>\n<meta property=\"article:modified_time\" content=\"2025-07-14T11:10:56+00:00\" \/>\n<meta property=\"og:image\" content=\"https:\/\/welovefilm.com.pt\/wp-content\/uploads\/2024\/07\/wedding-video-monique-ben.jpg\" \/>\n\t<meta property=\"og:image:width\" content=\"1600\" \/>\n\t<meta property=\"og:image:height\" content=\"900\" \/>\n\t<meta property=\"og:image:type\" content=\"image\/jpeg\" \/>\n<meta name=\"author\" content=\"C\u00e9sar Sousa\" \/>\n<meta name=\"twitter:card\" content=\"summary_large_image\" \/>\n<meta name=\"twitter:creator\" content=\"@WeLoveFilm1\" \/>\n<meta name=\"twitter:site\" content=\"@WeLoveFilm1\" \/>\n<meta name=\"twitter:label1\" content=\"Escrito por\" \/>\n\t<meta name=\"twitter:data1\" content=\"C\u00e9sar Sousa\" \/>\n\t<meta name=\"twitter:label2\" content=\"Tempo estimado de leitura\" \/>\n\t<meta name=\"twitter:data2\" content=\"2 minutos\" \/>\n<script type=\"application\/ld+json\" class=\"yoast-schema-graph\">{\"@context\":\"https:\/\/schema.org\",\"@graph\":[{\"@type\":\"Article\",\"@id\":\"https:\/\/welovefilm.com.pt\/monique-ben\/#article\",\"isPartOf\":{\"@id\":\"https:\/\/welovefilm.com.pt\/monique-ben\/\"},\"author\":{\"name\":\"C\u00e9sar Sousa\",\"@id\":\"https:\/\/welovefilm.com.pt\/en\/#\/schema\/person\/c86215f838e3dc5140ea4b6d4394dddb\"},\"headline\":\"Monique &#038; Ben\",\"datePublished\":\"2024-08-31T15:12:49+00:00\",\"dateModified\":\"2025-07-14T11:10:56+00:00\",\"mainEntityOfPage\":{\"@id\":\"https:\/\/welovefilm.com.pt\/monique-ben\/\"},\"wordCount\":813,\"publisher\":{\"@id\":\"https:\/\/welovefilm.com.pt\/en\/#organization\"},\"image\":{\"@id\":\"https:\/\/welovefilm.com.pt\/monique-ben\/#primaryimage\"},\"thumbnailUrl\":\"https:\/\/welovefilm.com.pt\/wp-content\/uploads\/2024\/07\/wedding-video-monique-ben.jpg\",\"keywords\":[\"Wedding Locations Portugal\",\"Wedding Videos\",\"Quinta da Pacheca Wedding\"],\"articleSection\":[\"Weddings\"],\"inLanguage\":\"pt-PT\"},{\"@type\":\"WebPage\",\"@id\":\"https:\/\/welovefilm.com.pt\/monique-ben\/\",\"url\":\"https:\/\/welovefilm.com.pt\/monique-ben\/\",\"name\":\"Monique & Ben | Weddings | We Love Film\",\"isPartOf\":{\"@id\":\"https:\/\/welovefilm.com.pt\/en\/#website\"},\"primaryImageOfPage\":{\"@id\":\"https:\/\/welovefilm.com.pt\/monique-ben\/#primaryimage\"},\"image\":{\"@id\":\"https:\/\/welovefilm.com.pt\/monique-ben\/#primaryimage\"},\"thumbnailUrl\":\"https:\/\/welovefilm.com.pt\/wp-content\/uploads\/2024\/07\/wedding-video-monique-ben.jpg\",\"datePublished\":\"2024-08-31T15:12:49+00:00\",\"dateModified\":\"2025-07-14T11:10:56+00:00\",\"breadcrumb\":{\"@id\":\"https:\/\/welovefilm.com.pt\/monique-ben\/#breadcrumb\"},\"inLanguage\":\"pt-PT\",\"potentialAction\":[{\"@type\":\"ReadAction\",\"target\":[\"https:\/\/welovefilm.com.pt\/monique-ben\/\"]}]},{\"@type\":\"ImageObject\",\"inLanguage\":\"pt-PT\",\"@id\":\"https:\/\/welovefilm.com.pt\/monique-ben\/#primaryimage\",\"url\":\"https:\/\/welovefilm.com.pt\/wp-content\/uploads\/2024\/07\/wedding-video-monique-ben.jpg\",\"contentUrl\":\"https:\/\/welovefilm.com.pt\/wp-content\/uploads\/2024\/07\/wedding-video-monique-ben.jpg\",\"width\":1600,\"height\":900,\"caption\":\"Wedding Monique & Ben\"},{\"@type\":\"BreadcrumbList\",\"@id\":\"https:\/\/welovefilm.com.pt\/monique-ben\/#breadcrumb\",\"itemListElement\":[{\"@type\":\"ListItem\",\"position\":1,\"name\":\"Home\",\"item\":\"https:\/\/welovefilm.com.pt\/\"},{\"@type\":\"ListItem\",\"position\":2,\"name\":\"Monique &#038; Ben\"}]},{\"@type\":\"WebSite\",\"@id\":\"https:\/\/welovefilm.com.pt\/en\/#website\",\"url\":\"https:\/\/welovefilm.com.pt\/en\/\",\"name\":\"We Love Film\",\"description\":\"Wedding and Lifestyle Filmmakers\",\"publisher\":{\"@id\":\"https:\/\/welovefilm.com.pt\/en\/#organization\"},\"potentialAction\":[{\"@type\":\"SearchAction\",\"target\":{\"@type\":\"EntryPoint\",\"urlTemplate\":\"https:\/\/welovefilm.com.pt\/en\/?s={search_term_string}\"},\"query-input\":{\"@type\":\"PropertyValueSpecification\",\"valueRequired\":true,\"valueName\":\"search_term_string\"}}],\"inLanguage\":\"pt-PT\"},{\"@type\":\"Organization\",\"@id\":\"https:\/\/welovefilm.com.pt\/en\/#organization\",\"name\":\"We Love Film\",\"url\":\"https:\/\/welovefilm.com.pt\/en\/\",\"logo\":{\"@type\":\"ImageObject\",\"inLanguage\":\"pt-PT\",\"@id\":\"https:\/\/welovefilm.com.pt\/en\/#\/schema\/logo\/image\/\",\"url\":\"https:\/\/welovefilm.com.pt\/wp-content\/uploads\/2024\/07\/cropped-Monograma-Fundo-Branco-01-scaled-1.jpg\",\"contentUrl\":\"https:\/\/welovefilm.com.pt\/wp-content\/uploads\/2024\/07\/cropped-Monograma-Fundo-Branco-01-scaled-1.jpg\",\"width\":512,\"height\":512,\"caption\":\"We Love Film\"},\"image\":{\"@id\":\"https:\/\/welovefilm.com.pt\/en\/#\/schema\/logo\/image\/\"},\"sameAs\":[\"https:\/\/www.facebook.com\/wlovefilm\/\",\"https:\/\/x.com\/WeLoveFilm1\",\"https:\/\/www.instagram.com\/welovefilmpt\/\",\"https:\/\/www.linkedin.com\/in\/cesaroliveirasousa\/\"]},{\"@type\":\"Person\",\"@id\":\"https:\/\/welovefilm.com.pt\/en\/#\/schema\/person\/c86215f838e3dc5140ea4b6d4394dddb\",\"name\":\"C\u00e9sar Sousa\",\"image\":{\"@type\":\"ImageObject\",\"inLanguage\":\"pt-PT\",\"@id\":\"https:\/\/welovefilm.com.pt\/en\/#\/schema\/person\/image\/\",\"url\":\"https:\/\/secure.gravatar.com\/avatar\/20da65b2cc22201a36eb6067917be3bc?s=96&d=mm&r=g\",\"contentUrl\":\"https:\/\/secure.gravatar.com\/avatar\/20da65b2cc22201a36eb6067917be3bc?s=96&d=mm&r=g\",\"caption\":\"C\u00e9sar Sousa\"},\"sameAs\":[\"http:\/\/www.1001ideias.net\"]}]}<\/script>\n<!-- \/ Yoast SEO plugin. -->","yoast_head_json":{"title":"Monique & Ben | Weddings | We Love Film","robots":{"index":"index","follow":"follow","max-snippet":"max-snippet:-1","max-image-preview":"max-image-preview:large","max-video-preview":"max-video-preview:-1"},"canonical":"https:\/\/welovefilm.com.pt\/pt\/monique-ben\/","og_locale":"pt_PT","og_type":"article","og_title":"Monique & Ben | Weddings | We Love Film","og_description":"Monique and Ben, Two New Yorkers that decided to seal their lifelong commitment in the breathtaking Quinta da Pacheca - Douro region of Portugal. Surrounded by their Loved ones, their love story found a perfect backdrop on Douro River's, a testament to the enduring power of love transcending borders and bringing two worlds together.  Other vendors: Photography: Lounge Fotografia | Wedding planner: M\u00f3nica Magalh\u00e3es | Venue: Quinta da Pacheca | Decoration: Maria Papoila | Rentals: Eventos Priv\u00e9 | Hair: Jo\u00e3o Martins | Make Up: Giada Pinato Makeup Sposa | DJ: DJFi events | Stationary: White Design Creative Studio | Music Ceremony: Arcos d' Almedina  Dreaming of a vineyard wedding? Discover this beautiful destination wedding in Douro Valley at the stunning Quinta do Outeiro.","og_url":"https:\/\/welovefilm.com.pt\/pt\/monique-ben\/","og_site_name":"We Love Film","article_publisher":"https:\/\/www.facebook.com\/wlovefilm\/","article_published_time":"2024-08-31T15:12:49+00:00","article_modified_time":"2025-07-14T11:10:56+00:00","og_image":[{"width":1600,"height":900,"url":"https:\/\/welovefilm.com.pt\/wp-content\/uploads\/2024\/07\/wedding-video-monique-ben.jpg","type":"image\/jpeg"}],"author":"C\u00e9sar Sousa","twitter_card":"summary_large_image","twitter_creator":"@WeLoveFilm1","twitter_site":"@WeLoveFilm1","twitter_misc":{"Escrito por":"C\u00e9sar Sousa","Tempo estimado de leitura":"2 minutos"},"schema":{"@context":"https:\/\/schema.org","@graph":[{"@type":"Article","@id":"https:\/\/welovefilm.com.pt\/monique-ben\/#article","isPartOf":{"@id":"https:\/\/welovefilm.com.pt\/monique-ben\/"},"author":{"name":"C\u00e9sar Sousa","@id":"https:\/\/welovefilm.com.pt\/en\/#\/schema\/person\/c86215f838e3dc5140ea4b6d4394dddb"},"headline":"Monique &#038; Ben","datePublished":"2024-08-31T15:12:49+00:00","dateModified":"2025-07-14T11:10:56+00:00","mainEntityOfPage":{"@id":"https:\/\/welovefilm.com.pt\/monique-ben\/"},"wordCount":813,"publisher":{"@id":"https:\/\/welovefilm.com.pt\/en\/#organization"},"image":{"@id":"https:\/\/welovefilm.com.pt\/monique-ben\/#primaryimage"},"thumbnailUrl":"https:\/\/welovefilm.com.pt\/wp-content\/uploads\/2024\/07\/wedding-video-monique-ben.jpg","keywords":["Wedding Locations Portugal","Wedding Videos","Quinta da Pacheca Wedding"],"articleSection":["Weddings"],"inLanguage":"pt-PT"},{"@type":"WebPage","@id":"https:\/\/welovefilm.com.pt\/monique-ben\/","url":"https:\/\/welovefilm.com.pt\/monique-ben\/","name":"Monique & Ben | Weddings | We Love Film","isPartOf":{"@id":"https:\/\/welovefilm.com.pt\/en\/#website"},"primaryImageOfPage":{"@id":"https:\/\/welovefilm.com.pt\/monique-ben\/#primaryimage"},"image":{"@id":"https:\/\/welovefilm.com.pt\/monique-ben\/#primaryimage"},"thumbnailUrl":"https:\/\/welovefilm.com.pt\/wp-content\/uploads\/2024\/07\/wedding-video-monique-ben.jpg","datePublished":"2024-08-31T15:12:49+00:00","dateModified":"2025-07-14T11:10:56+00:00","breadcrumb":{"@id":"https:\/\/welovefilm.com.pt\/monique-ben\/#breadcrumb"},"inLanguage":"pt-PT","potentialAction":[{"@type":"ReadAction","target":["https:\/\/welovefilm.com.pt\/monique-ben\/"]}]},{"@type":"ImageObject","inLanguage":"pt-PT","@id":"https:\/\/welovefilm.com.pt\/monique-ben\/#primaryimage","url":"https:\/\/welovefilm.com.pt\/wp-content\/uploads\/2024\/07\/wedding-video-monique-ben.jpg","contentUrl":"https:\/\/welovefilm.com.pt\/wp-content\/uploads\/2024\/07\/wedding-video-monique-ben.jpg","width":1600,"height":900,"caption":"Wedding Monique & Ben"},{"@type":"BreadcrumbList","@id":"https:\/\/welovefilm.com.pt\/monique-ben\/#breadcrumb","itemListElement":[{"@type":"ListItem","position":1,"name":"Home","item":"https:\/\/welovefilm.com.pt\/"},{"@type":"ListItem","position":2,"name":"Monique &#038; Ben"}]},{"@type":"WebSite","@id":"https:\/\/welovefilm.com.pt\/en\/#website","url":"https:\/\/welovefilm.com.pt\/en\/","name":"We Love Film","description":"Wedding and Lifestyle Filmmakers","publisher":{"@id":"https:\/\/welovefilm.com.pt\/en\/#organization"},"potentialAction":[{"@type":"SearchAction","target":{"@type":"EntryPoint","urlTemplate":"https:\/\/welovefilm.com.pt\/en\/?s={search_term_string}"},"query-input":{"@type":"PropertyValueSpecification","valueRequired":true,"valueName":"search_term_string"}}],"inLanguage":"pt-PT"},{"@type":"Organization","@id":"https:\/\/welovefilm.com.pt\/en\/#organization","name":"We Love Film","url":"https:\/\/welovefilm.com.pt\/en\/","logo":{"@type":"ImageObject","inLanguage":"pt-PT","@id":"https:\/\/welovefilm.com.pt\/en\/#\/schema\/logo\/image\/","url":"https:\/\/welovefilm.com.pt\/wp-content\/uploads\/2024\/07\/cropped-Monograma-Fundo-Branco-01-scaled-1.jpg","contentUrl":"https:\/\/welovefilm.com.pt\/wp-content\/uploads\/2024\/07\/cropped-Monograma-Fundo-Branco-01-scaled-1.jpg","width":512,"height":512,"caption":"We Love Film"},"image":{"@id":"https:\/\/welovefilm.com.pt\/en\/#\/schema\/logo\/image\/"},"sameAs":["https:\/\/www.facebook.com\/wlovefilm\/","https:\/\/x.com\/WeLoveFilm1","https:\/\/www.instagram.com\/welovefilmpt\/","https:\/\/www.linkedin.com\/in\/cesaroliveirasousa\/"]},{"@type":"Person","@id":"https:\/\/welovefilm.com.pt\/en\/#\/schema\/person\/c86215f838e3dc5140ea4b6d4394dddb","name":"C\u00e9sar Sousa","image":{"@type":"ImageObject","inLanguage":"pt-PT","@id":"https:\/\/welovefilm.com.pt\/en\/#\/schema\/person\/image\/","url":"https:\/\/secure.gravatar.com\/avatar\/20da65b2cc22201a36eb6067917be3bc?s=96&d=mm&r=g","contentUrl":"https:\/\/secure.gravatar.com\/avatar\/20da65b2cc22201a36eb6067917be3bc?s=96&d=mm&r=g","caption":"C\u00e9sar Sousa"},"sameAs":["http:\/\/www.1001ideias.net"]}]}},"_links":{"self":[{"href":"https:\/\/welovefilm.com.pt\/pt\/wp-json\/wp\/v2\/posts\/143060","targetHints":{"allow":["GET"]}}],"collection":[{"href":"https:\/\/welovefilm.com.pt\/pt\/wp-json\/wp\/v2\/posts"}],"about":[{"href":"https:\/\/welovefilm.com.pt\/pt\/wp-json\/wp\/v2\/types\/post"}],"author":[{"embeddable":true,"href":"https:\/\/welovefilm.com.pt\/pt\/wp-json\/wp\/v2\/users\/2"}],"replies":[{"embeddable":true,"href":"https:\/\/welovefilm.com.pt\/pt\/wp-json\/wp\/v2\/comments?post=143060"}],"version-history":[{"count":0,"href":"https:\/\/welovefilm.com.pt\/pt\/wp-json\/wp\/v2\/posts\/143060\/revisions"}],"wp:featuredmedia":[{"embeddable":true,"href":"https:\/\/welovefilm.com.pt\/pt\/wp-json\/wp\/v2\/media\/142518"}],"wp:attachment":[{"href":"https:\/\/welovefilm.com.pt\/pt\/wp-json\/wp\/v2\/media?parent=143060"}],"wp:term":[{"taxonomy":"category","embeddable":true,"href":"https:\/\/welovefilm.com.pt\/pt\/wp-json\/wp\/v2\/categories?post=143060"},{"taxonomy":"post_tag","embeddable":true,"href":"https:\/\/welovefilm.com.pt\/pt\/wp-json\/wp\/v2\/tags?post=143060"}],"curies":[{"name":"wp","href":"https:\/\/api.w.org\/{rel}","templated":true}]}}